{"id":955,"date":"2025-08-05T06:35:40","date_gmt":"2025-08-05T06:35:40","guid":{"rendered":"https:\/\/asv-schlangen.de\/?p=955"},"modified":"2025-08-05T06:47:18","modified_gmt":"2025-08-05T06:47:18","slug":"elementor-955","status":"publish","type":"post","link":"https:\/\/asv-schlangen.de\/?p=955","title":{"rendered":"Ferienspiele 2025 &#8211; R\u00fcckblick"},"content":{"rendered":"\t\t<div data-elementor-type=\"wp-post\" data-elementor-id=\"955\" class=\"elementor elementor-955\" data-elementor-post-type=\"post\">\n\t\t\t\t\t\t<section class=\"elementor-section elementor-top-section elementor-element elementor-element-5cda6e5 elementor-section-boxed elementor-section-height-default elementor-section-height-default\" data-id=\"5cda6e5\" data-element_type=\"section\" data-e-type=\"section\">\n\t\t\t\t\t\t<div class=\"elementor-container elementor-column-gap-default\">\n\t\t\t\t\t<div class=\"elementor-column elementor-col-100 elementor-top-column elementor-element elementor-element-a440715\" data-id=\"a440715\" data-element_type=\"column\" data-e-type=\"column\">\n\t\t\t<div class=\"elementor-widget-wrap elementor-element-populated\">\n\t\t\t\t\t\t<div class=\"elementor-element elementor-element-e315b9d elementor-widget elementor-widget-heading\" data-id=\"e315b9d\" data-element_type=\"widget\" data-e-type=\"widget\" data-widget_type=\"heading.default\">\n\t\t\t\t<div class=\"elementor-widget-container\">\n\t\t\t\t\t<h2 class=\"elementor-heading-title elementor-size-default\">Samstag 12.07.2025 von 09:00 - 13:00 Uhr <\/h2>\t\t\t\t<\/div>\n\t\t\t\t<\/div>\n\t\t\t\t<div class=\"elementor-element elementor-element-a97fadc elementor-widget elementor-widget-text-editor\" data-id=\"a97fadc\" data-element_type=\"widget\" data-e-type=\"widget\" data-widget_type=\"text-editor.default\">\n\t\t\t\t<div class=\"elementor-widget-container\">\n\t\t\t\t\t\t\t\t\t<p>25 Kinder, nicht nur aus Schlangen, sondern auch einige Bad Lippspringer, besuchten uns am Ochsensee zu den diesj\u00e4hrigen Ferienspielen.<\/p>\n<p><\/p>\n<p>Wir begannen um 09:00 Uhr mit einer Bildschirmpr\u00e4sentation \u00fcber den ASV Schlangen, dem Fischbestand unserer Seen im Allgemeinen und unserem heutigen Zielfisch, dem Sonnenbarsch.<\/p>\n<p><\/p>\n<p>Direkt nach der Pr\u00e4sentation ging es in Kleingruppen, jeweils gef\u00fchrt von unseren Jugendlichen, ausger\u00fcstet mit einer vereinseigenen Stipprute und etwas Futter zum Anlocken, direkt zum Fischen.<\/p>\n<p><\/p>\n<p>Hier nochmal ein extra Dank an S., J. und L. Traut, sowie S. Ebbesmeyer!<\/p>\n<p>Ihr habt tolle Arbeit geleistet, das hat uns sehr geholfen.<\/p>\n<p><\/p>\n<p>Schnell konnten die ersten Sonnenbarsche aber auch Rotaugen und Rotfedern gelandet werden. Letztendlich konnte jedes der an anwesenden Kinder einige Fische fangen, ein voller Erfolg.<\/p>\n<p><\/p>\n<p>Die Jugendwarte hatten im Vorfeld noch einige Kamberkrebse fangen k\u00f6nnen, die auch den interessierten Jugendlichen gezeigt werden konnten.<\/p>\n<p><\/p>\n<p>Gekr\u00f6nt und abgeschlossen wurde die Veranstaltung mit einer Bratwurst vom Grill, die uns unser Rene musterg\u00fcltig zubereitet hat.<\/p>\n<p><\/p>\n<p>Eure Jugendwarte&nbsp;<\/p>\t\t\t\t\t\t\t\t<\/div>\n\t\t\t\t<\/div>\n\t\t\t\t\t<\/div>\n\t\t<\/div>\n\t\t\t\t\t<\/div>\n\t\t<\/section>\n\t\t\t\t<\/div>\n\t\t","protected":false},"excerpt":{"rendered":"<p>Samstag 12.07.2025 von 09:00 &#8211; 13:00 Uhr 25 Kinder, nicht nur aus Schlangen, sondern auch einige Bad Lippspringer, besuchten uns am Ochsensee zu den diesj\u00e4hrigen Ferienspielen. Wir begannen um 09:00 Uhr mit einer Bildschirmpr\u00e4sentation \u00fcber den ASV Schlangen, dem Fischbestand unserer Seen im Allgemeinen und unserem heutigen Zielfisch, dem Sonnenbarsch. Direkt nach der Pr\u00e4sentation ging [&hellip;]<\/p>\n","protected":false},"author":4,"featured_media":0,"comment_status":"closed","ping_status":"closed","sticky":false,"template":"","format":"standard","meta":{"footnotes":""},"categories":[1],"tags":[],"class_list":["post-955","post","type-post","status-publish","format-standard","hentry","category-aktuell"],"_links":{"self":[{"href":"https:\/\/asv-schlangen.de\/index.php?rest_route=\/wp\/v2\/posts\/955","targetHints":{"allow":["GET"]}}],"collection":[{"href":"https:\/\/asv-schlangen.de\/index.php?rest_route=\/wp\/v2\/posts"}],"about":[{"href":"https:\/\/asv-schlangen.de\/index.php?rest_route=\/wp\/v2\/types\/post"}],"author":[{"embeddable":true,"href":"https:\/\/asv-schlangen.de\/index.php?rest_route=\/wp\/v2\/users\/4"}],"replies":[{"embeddable":true,"href":"https:\/\/asv-schlangen.de\/index.php?rest_route=%2Fwp%2Fv2%2Fcomments&post=955"}],"version-history":[{"count":11,"href":"https:\/\/asv-schlangen.de\/index.php?rest_route=\/wp\/v2\/posts\/955\/revisions"}],"predecessor-version":[{"id":966,"href":"https:\/\/asv-schlangen.de\/index.php?rest_route=\/wp\/v2\/posts\/955\/revisions\/966"}],"wp:attachment":[{"href":"https:\/\/asv-schlangen.de\/index.php?rest_route=%2Fwp%2Fv2%2Fmedia&parent=955"}],"wp:term":[{"taxonomy":"category","embeddable":true,"href":"https:\/\/asv-schlangen.de\/index.php?rest_route=%2Fwp%2Fv2%2Fcategories&post=955"},{"taxonomy":"post_tag","embeddable":true,"href":"https:\/\/asv-schlangen.de\/index.php?rest_route=%2Fwp%2Fv2%2Ftags&post=955"}],"curies":[{"name":"wp","href":"https:\/\/api.w.org\/{rel}","templated":true}]}}