{"id":969,"date":"2025-08-08T09:40:38","date_gmt":"2025-08-08T09:40:38","guid":{"rendered":"https:\/\/asv-schlangen.de\/?p=969"},"modified":"2025-08-08T09:41:29","modified_gmt":"2025-08-08T09:41:29","slug":"koenigsangeln-2025","status":"publish","type":"post","link":"https:\/\/asv-schlangen.de\/?p=969","title":{"rendered":"K\u00f6nigsangeln 2025"},"content":{"rendered":"\t\t<div data-elementor-type=\"wp-post\" data-elementor-id=\"969\" class=\"elementor elementor-969\" data-elementor-post-type=\"post\">\n\t\t\t\t\t\t<section class=\"elementor-section elementor-top-section elementor-element elementor-element-7dabf765 elementor-section-boxed elementor-section-height-default elementor-section-height-default\" data-id=\"7dabf765\" data-element_type=\"section\" data-e-type=\"section\">\n\t\t\t\t\t\t<div class=\"elementor-container elementor-column-gap-default\">\n\t\t\t\t\t<div class=\"elementor-column elementor-col-100 elementor-top-column elementor-element elementor-element-490b5626\" data-id=\"490b5626\" data-element_type=\"column\" data-e-type=\"column\">\n\t\t\t<div class=\"elementor-widget-wrap elementor-element-populated\">\n\t\t\t\t\t\t<div class=\"elementor-element elementor-element-60e0ff11 elementor-widget elementor-widget-text-editor\" data-id=\"60e0ff11\" data-element_type=\"widget\" data-e-type=\"widget\" data-widget_type=\"text-editor.default\">\n\t\t\t\t<div class=\"elementor-widget-container\">\n\t\t\t\t\t\t\t\t\t\n<p>Guido Kl\u00f6pping besteigt erneut den Thron!<\/p>\n\n<p>Der ASV Schlangen hat einen neuen Angelk\u00f6nig 2025.<\/p>\n\n<p>Am Sonntag, den 21.06.2025, war es wieder so weit: Das allj\u00e4hrliche Angeln um den hei\u00dfbegehrten K\u00f6nigstitel hat stattgefunden.<\/p>\n\n<p>Abwechselnd am Still- und Flie\u00dfgew\u00e4sser tragen die Mitglieder des Vereins das Hegefischen um die Krone (in diesem Falle um die K\u00f6nigskette) aus.<\/p>\n\n<p>Dieses Jahr wurde an unserer Weserstrecke in Albaxen gefischt. Erstmals hat dieses Event au\u00dferdem an einem Samstag und zugleich zu einer ungewohnten Uhrzeit stattgefunden. Statt einer Angelei in den fr\u00fchen Morgenstunden, fiel der diesj\u00e4hrige Startschuss erst gegen 12:00Uhr.<\/p>\n\n<p>Es war von Anfang an klar, dass man sich dem Bei\u00dfverhalten der Fische zur ungewohnten Uhrzeit anpassen musste. Trotz alldem konnten einige sch\u00f6ne Fische gefangen werden.<\/p>\n\n<p>\u00a0<\/p>\n\n<p>Dieses Jahr hatte unser ehemaliger 1. Vorsitzender, Guido Kl\u00f6pping, das Gl\u00fcck auf seiner Seite und konnte gepaart mit seiner langj\u00e4hrigen Erfahrung einen D\u00f6bel mit sagenhaften 2280g \u00fcberlisten, der ihm verdienterma\u00dfen die K\u00f6nigskette bescheren konnte.<\/p>\n\n<p>Wir w\u00fcnschen dem neuen K\u00f6nig und allen weiteren Platzierten ein kr\u00e4ftiges Petri Heil!<\/p>\n\n<figure class=\"wp-block-image size-large\"><img fetchpriority=\"high\" decoding=\"async\" width=\"768\" height=\"1024\" class=\"wp-image-970\" src=\"https:\/\/asv-schlangen.de\/wp-content\/uploads\/2025\/08\/WhatsApp-Image-2025-08-08-at-11.33.19-768x1024.jpeg\" alt=\"\" srcset=\"https:\/\/asv-schlangen.de\/wp-content\/uploads\/2025\/08\/WhatsApp-Image-2025-08-08-at-11.33.19-768x1024.jpeg 768w, https:\/\/asv-schlangen.de\/wp-content\/uploads\/2025\/08\/WhatsApp-Image-2025-08-08-at-11.33.19-225x300.jpeg 225w, https:\/\/asv-schlangen.de\/wp-content\/uploads\/2025\/08\/WhatsApp-Image-2025-08-08-at-11.33.19-1152x1536.jpeg 1152w, https:\/\/asv-schlangen.de\/wp-content\/uploads\/2025\/08\/WhatsApp-Image-2025-08-08-at-11.33.19.jpeg 1200w\" sizes=\"(max-width: 768px) 100vw, 768px\" \/><\/figure>\n\n<figure class=\"wp-block-image size-large\"><img decoding=\"async\" width=\"768\" height=\"1024\" class=\"wp-image-971\" src=\"https:\/\/asv-schlangen.de\/wp-content\/uploads\/2025\/08\/9c7a5632-6393-4aa6-bd61-827b7a4a8767-768x1024.jpg\" alt=\"\" srcset=\"https:\/\/asv-schlangen.de\/wp-content\/uploads\/2025\/08\/9c7a5632-6393-4aa6-bd61-827b7a4a8767-768x1024.jpg 768w, https:\/\/asv-schlangen.de\/wp-content\/uploads\/2025\/08\/9c7a5632-6393-4aa6-bd61-827b7a4a8767-225x300.jpg 225w, https:\/\/asv-schlangen.de\/wp-content\/uploads\/2025\/08\/9c7a5632-6393-4aa6-bd61-827b7a4a8767-1152x1536.jpg 1152w, https:\/\/asv-schlangen.de\/wp-content\/uploads\/2025\/08\/9c7a5632-6393-4aa6-bd61-827b7a4a8767.jpg 1200w\" sizes=\"(max-width: 768px) 100vw, 768px\" \/><\/figure>\n\n<ol class=\"wp-block-list\">\n<li>Platz Gesamtsieger und K\u00f6nig Guido Kl\u00f6pping<\/li>\n\n<li>Platz Alexander Wall<\/li>\n\n<li>Platz Jan Luka Kubach<\/li>\n\n<li>Platz Daniel M\u00fcller<\/li>\n\n<li>Platz Viktor Redekop<\/li>\n<\/ol>\n\n<p>\u00a0<\/p>\n\t\t\t\t\t\t\t\t<\/div>\n\t\t\t\t<\/div>\n\t\t\t\t\t<\/div>\n\t\t<\/div>\n\t\t\t\t\t<\/div>\n\t\t<\/section>\n\t\t\t\t<\/div>\n\t\t","protected":false},"excerpt":{"rendered":"<p>Guido Kl\u00f6pping besteigt erneut den Thron! Der ASV Schlangen hat einen neuen Angelk\u00f6nig 2025. Am Sonntag, den 21.06.2025, war es wieder so weit: Das allj\u00e4hrliche Angeln um den hei\u00dfbegehrten K\u00f6nigstitel hat stattgefunden. Abwechselnd am Still- und Flie\u00dfgew\u00e4sser tragen die Mitglieder des Vereins das Hegefischen um die Krone (in diesem Falle um die K\u00f6nigskette) aus. Dieses [&hellip;]<\/p>\n","protected":false},"author":4,"featured_media":0,"comment_status":"closed","ping_status":"closed","sticky":false,"template":"","format":"standard","meta":{"footnotes":""},"categories":[1],"tags":[],"class_list":["post-969","post","type-post","status-publish","format-standard","hentry","category-aktuell"],"_links":{"self":[{"href":"https:\/\/asv-schlangen.de\/index.php?rest_route=\/wp\/v2\/posts\/969","targetHints":{"allow":["GET"]}}],"collection":[{"href":"https:\/\/asv-schlangen.de\/index.php?rest_route=\/wp\/v2\/posts"}],"about":[{"href":"https:\/\/asv-schlangen.de\/index.php?rest_route=\/wp\/v2\/types\/post"}],"author":[{"embeddable":true,"href":"https:\/\/asv-schlangen.de\/index.php?rest_route=\/wp\/v2\/users\/4"}],"replies":[{"embeddable":true,"href":"https:\/\/asv-schlangen.de\/index.php?rest_route=%2Fwp%2Fv2%2Fcomments&post=969"}],"version-history":[{"count":4,"href":"https:\/\/asv-schlangen.de\/index.php?rest_route=\/wp\/v2\/posts\/969\/revisions"}],"predecessor-version":[{"id":975,"href":"https:\/\/asv-schlangen.de\/index.php?rest_route=\/wp\/v2\/posts\/969\/revisions\/975"}],"wp:attachment":[{"href":"https:\/\/asv-schlangen.de\/index.php?rest_route=%2Fwp%2Fv2%2Fmedia&parent=969"}],"wp:term":[{"taxonomy":"category","embeddable":true,"href":"https:\/\/asv-schlangen.de\/index.php?rest_route=%2Fwp%2Fv2%2Fcategories&post=969"},{"taxonomy":"post_tag","embeddable":true,"href":"https:\/\/asv-schlangen.de\/index.php?rest_route=%2Fwp%2Fv2%2Ftags&post=969"}],"curies":[{"name":"wp","href":"https:\/\/api.w.org\/{rel}","templated":true}]}}